{"id":1450,"date":"2025-06-09T07:59:21","date_gmt":"2025-06-09T07:59:21","guid":{"rendered":"https:\/\/www.dataperspective.fr\/?p=1450"},"modified":"2025-06-09T08:00:20","modified_gmt":"2025-06-09T08:00:20","slug":"la-directive-nis2-enjeux-techniques-et-business","status":"publish","type":"post","link":"https:\/\/www.dataperspective.fr\/index.php\/2025\/06\/09\/la-directive-nis2-enjeux-techniques-et-business\/","title":{"rendered":"La directive NIS2 : enjeux techniques et business pour les organisations responsables"},"content":{"rendered":"\n<p class=\"has-palette-color-4-color has-text-color has-link-color wp-elements-2dafa7e599f045f62c875ca5a442afc4 wp-block-paragraph\">La directive NIS2 marque une rupture dans la gestion de la cybers\u00e9curit\u00e9 en Europe. Elle impose une \u00e9l\u00e9vation du niveau d\u2019exigence technique, mais surtout une int\u00e9gration de la cyber-r\u00e9silience dans la strat\u00e9gie business et la gouvernance des organisations. Les responsables doivent voir cette contrainte r\u00e9glementaire comme une opportunit\u00e9\u202f: celle de renforcer la confiance des clients, de s\u00e9curiser leur croissance et de se positionner comme acteurs responsables sur un march\u00e9 de plus en plus exigeant.<\/p>\n\n\n\n<blockquote class=\"wp-block-quote is-layout-flow wp-block-quote-is-layout-flow\">\n<p class=\"has-palette-color-4-color has-text-color has-link-color wp-elements-bd3390a38eed5ef77c35b967bc4337e9 wp-block-paragraph\">La r\u00e9ussite de la mise en conformit\u00e9 NIS2 repose sur trois piliers\u202f: la mobilisation du management, l\u2019int\u00e9gration de la s\u00e9curit\u00e9 dans toute la cha\u00eene de valeur, et l\u2019am\u00e9lioration continue des pratiques. Ceux qui sauront anticiper et piloter cette transformation en sortiront renforc\u00e9s, tant sur le plan op\u00e9rationnel que commercial.<\/p>\n<\/blockquote>\n\n\n\n<div class=\"wp-block-stackable-heading stk-block-heading stk-block-heading--v2 stk-block stk-8b080c0\" id=\"strong-directive-nis-2-ce-quil-faut-retenir-strong\" data-block-id=\"8b080c0\"><h2 class=\"stk-block-heading__text\"><strong>Directive NIS2 : Ce qu\u2019il faut retenir<\/strong><\/h2><\/div>\n\n\n\n<p class=\"has-palette-color-4-color has-text-color has-link-color wp-elements-e236301a979e68e56d727445d017e22a wp-block-paragraph\">La directive europ\u00e9enne NIS2 impose de nouvelles obligations de cybers\u00e9curit\u00e9 \u00e0 un large \u00e9ventail d\u2019organisations, bien au-del\u00e0 des seules infrastructures critiques. Elle exige une gestion rigoureuse des risques, la s\u00e9curisation de la cha\u00eene d\u2019approvisionnement, des proc\u00e9dures de notification rapide des incidents, et implique directement les dirigeants, avec des sanctions lourdes en cas de manquement. Pour les entreprises, la conformit\u00e9 NIS2 n\u2019est pas seulement une contrainte technique\u202f: elle devient un enjeu business majeur, conditionnant l\u2019acc\u00e8s aux march\u00e9s et la confiance des partenaires. Anticiper et piloter cette transformation est indispensable pour rester comp\u00e9titif et r\u00e9silient.<\/p>\n\n\n\n<h2 class=\"wp-block-heading\" id=\"1-nis2-origine-objectifs-et-portee\"><strong>1. NIS2 : Origine, objectifs et port\u00e9e<\/strong><\/h2>\n\n\n\n<p class=\"has-palette-color-4-color has-text-color has-link-color wp-elements-bc169b59df5c6fed54286e434cc2e218 wp-block-paragraph\"><strong>De NIS \u00e0 NIS2 : pourquoi une nouvelle directive\u202f?<\/strong><\/p>\n\n\n\n<p class=\"has-palette-color-4-color has-text-color has-link-color wp-elements-e897488277bcd8edbbc9839293d589da wp-block-paragraph\">La premi\u00e8re directive NIS, adopt\u00e9e en 2016, visait \u00e0 am\u00e9liorer la r\u00e9silience des infrastructures critiques (\u00e9nergie, transport, sant\u00e9, etc.) face aux cybermenaces. Mais son application a r\u00e9v\u00e9l\u00e9 des limites\u202f: h\u00e9t\u00e9rog\u00e9n\u00e9it\u00e9 de la mise en \u0153uvre selon les pays, p\u00e9rim\u00e8tre trop restreint, manque de clart\u00e9 sur les obligations et les sanctions. NIS2 vient corriger ces faiblesses en \u00e9largissant le spectre des entit\u00e9s concern\u00e9es et en harmonisant les exigences \u00e0 l\u2019\u00e9chelle europ\u00e9enne&nbsp;<\/p>\n\n\n\n<div class=\"wp-block-stackable-subtitle stk-block-subtitle stk-block stk-e14c329\" data-block-id=\"e14c329\"><style>.stk-e14c329 .stk-block-subtitle__text{font-size:20px !important;}@media screen and (max-width:999px){.stk-e14c329 .stk-block-subtitle__text{font-size:20px !important;}}<\/style><p class=\"stk-block-subtitle__text stk-subtitle\"><strong><span style=\"color: var(--theme-palette-color-4, #28292a);\" class=\"stk-highlight\">Objectifs strat\u00e9giques de NIS2<\/span><\/strong><\/p><\/div>\n\n\n\n<ul class=\"wp-block-list\">\n<li class=\"has-palette-color-4-color has-text-color has-link-color wp-elements-12aa846b3ae01563dc1127bc4452dff3\">\u00c9lever le niveau de cybers\u00e9curit\u00e9 de l\u2019ensemble du tissu \u00e9conomique europ\u00e9en.<br><\/li>\n\n\n\n<li class=\"has-palette-color-4-color has-text-color has-link-color wp-elements-065d46ede3843c92dd3a3cb91a9d96bd\">Renforcer la r\u00e9silience des cha\u00eenes d\u2019approvisionnement.<br><\/li>\n\n\n\n<li class=\"has-palette-color-4-color has-text-color has-link-color wp-elements-53ef549177e508997879a123701af100\">Garantir une r\u00e9ponse coordonn\u00e9e et efficace aux incidents majeurs \u00e0 l\u2019\u00e9chelle de l\u2019UE.<br><\/li>\n\n\n\n<li class=\"has-palette-color-4-color has-text-color has-link-color wp-elements-efb02fe7118e86eb2c283d8c779249af\">R\u00e9duire les disparit\u00e9s nationales en mati\u00e8re de cybers\u00e9curit\u00e9.<br><\/li>\n<\/ul>\n\n\n\n<p class=\"has-palette-color-4-color has-text-color has-link-color has-medium-font-size wp-elements-d52e6539a994f4e685fd3751fc353e17 wp-block-paragraph\"><strong>Un p\u00e9rim\u00e8tre \u00e9largi et structur\u00e9<\/strong><\/p>\n\n\n\n<p class=\"has-palette-color-4-color has-text-color has-link-color wp-elements-d4410bd86c25066b1c6d90af20f0b974 wp-block-paragraph\">Contrairement \u00e0 NIS1, NIS2 s\u2019applique \u00e0 18 secteurs jug\u00e9s critiques ou strat\u00e9giques, class\u00e9s en deux cat\u00e9gories\u202f: entit\u00e9s essentielles (EE) et entit\u00e9s importantes (EI). Cette classification d\u00e9termine le niveau de supervision et les sanctions potentielles.<\/p>\n\n\n\n<figure class=\"wp-block-table\"><table class=\"has-palette-color-4-color has-text-color has-link-color has-fixed-layout\"><tbody><tr><td><strong>Cat\u00e9gorie<\/strong><\/td><td><strong>Exemples de secteurs couverts<\/strong><\/td><td><strong>Crit\u00e8res d\u2019inclusion principaux<\/strong><\/td><\/tr><tr><td>Entit\u00e9s essentielles<\/td><td>\u00c9nergie, transport, sant\u00e9, infrastructures num\u00e9riques, administration publique<\/td><td>Taille, chiffre d\u2019affaires, impact soci\u00e9tal<\/td><\/tr><tr><td>Entit\u00e9s importantes<\/td><td>Fabrication industrielle, agroalimentaire, services num\u00e9riques, gestion des d\u00e9chets<\/td><td>Interd\u00e9pendance, r\u00f4le dans la cha\u00eene d\u2019approvisionnement<\/td><\/tr><\/tbody><\/table><\/figure>\n\n\n\n<p class=\"has-palette-color-4-color has-text-color has-link-color wp-elements-583949c0ac163e7aff73ee16c4a08079 wp-block-paragraph\">Les petites entreprises (&lt;50 salari\u00e9s et &lt;7 M\u20ac de CA) sont g\u00e9n\u00e9ralement exclues, sauf si elles op\u00e8rent dans des secteurs \u00e0 fort impact ou sur d\u00e9cision de l\u2019autorit\u00e9 nationale<\/p>\n\n\n\n<h2 class=\"wp-block-heading\" id=\"2-exigences-techniques-vers-une-cyber-resilience-integree\"><strong>2. Exigences techniques\u202f: vers une cyber-r\u00e9silience int\u00e9gr\u00e9e<\/strong><\/h2>\n\n\n\n<p class=\"has-palette-color-4-color has-text-color has-link-color wp-elements-8a36ac900b9c712ddd6b0fa0c532b140 wp-block-paragraph\"><strong>Gestion des risques\u202f: le c\u0153ur du dispositif<\/strong><\/p>\n\n\n\n<p class=\"has-palette-color-4-color has-text-color has-link-color wp-elements-3fdc0ad05e40aff9273a2fdd0efec41e wp-block-paragraph\">NIS2 impose une approche syst\u00e9matique de la gestion des risques\u202f: identification des actifs critiques, \u00e9valuation des menaces (phishing, ransomware, attaques sur la cha\u00eene logistique), mise en place de politiques de s\u00e9curit\u00e9 adapt\u00e9es et plan de gestion des risques (PCA\/PRA)<\/p>\n\n\n\n<p class=\"has-palette-color-4-color has-text-color has-link-color has-medium-font-size wp-elements-0a7579b22f6bac114b578c5bd271f2c8 wp-block-paragraph\"><strong>Mesures techniques et organisationnelles requises<\/strong><\/p>\n\n\n\n<ul class=\"wp-block-list\">\n<li class=\"has-palette-color-4-color has-text-color has-link-color wp-elements-301f9c0c6752a306a61556879b0fde23\">S\u00e9curit\u00e9 des r\u00e9seaux et syst\u00e8mes d\u2019information\u202f: segmentation, contr\u00f4le des acc\u00e8s, chiffrement, surveillance continue.<\/li>\n\n\n\n<li class=\"has-palette-color-4-color has-text-color has-link-color wp-elements-7cf6b1ea378e251bb3bcbe74629f5692\">Gestion des incidents\u202f: d\u00e9tection, r\u00e9ponse, rem\u00e9diation, documentation.<\/li>\n\n\n\n<li class=\"has-palette-color-4-color has-text-color has-link-color wp-elements-4b1d0efb5afebe8e128df8ac74d0e3fb\">R\u00e9p\u00e9tition des exercices de restauration et de r\u00e9cup\u00e9ration du service\u202f: organisation r\u00e9guli\u00e8re d\u2019exercices pratiques pour valider l\u2019efficacit\u00e9 des proc\u00e9dures et des outils, et tester le plan de reprise d\u2019activit\u00e9 (PRA) conform\u00e9ment aux standards comme Rempar25.<\/li>\n\n\n\n<li class=\"has-palette-color-4-color has-text-color has-link-color wp-elements-6cae388ec0d614f202a077ba4b1c790b\">S\u00e9curit\u00e9 de la cha\u00eene d\u2019approvisionnement\u202f: contractualisation des exigences de cybers\u00e9curit\u00e9 avec les fournisseurs, audits r\u00e9guliers, r\u00e9\u00e9valuation en cas de changement de prestataire.<\/li>\n\n\n\n<li class=\"has-palette-color-4-color has-text-color has-link-color wp-elements-3ddebadf7d44a22cc69580c2681df623\">Formation et sensibilisation\u202f: implication directe du management, formation obligatoire des dirigeants, responsabilit\u00e9 personnelle en cas de manquement.<\/li>\n<\/ul>\n\n\n\n<p class=\"has-palette-color-4-color has-text-color has-link-color has-medium-font-size wp-elements-e7111611287e8f2b6fd67a10a556a3a9 wp-block-paragraph\"><strong>Reporting et gestion de crise<\/strong><\/p>\n\n\n\n<p class=\"wp-block-paragraph\">Les entit\u00e9s doivent notifier tout incident significatif dans un d\u00e9lai tr\u00e8s court\u202f: alerte pr\u00e9liminaire sous 24h, rapport d\u00e9taill\u00e9 sous 72h, et bilan final sous un mois. Cette obligation vise \u00e0 acc\u00e9l\u00e9rer la r\u00e9action collective et \u00e0 limiter les impacts syst\u00e9miques.<\/p>\n\n\n\n<h2 class=\"wp-block-heading\" id=\"3-impacts-business-contraintes-risques-et-opportunites\"><strong>3. Impacts business\u202f: contraintes, risques et opportunit\u00e9s<\/strong><\/h2>\n\n\n\n<p class=\"has-palette-color-4-color has-text-color has-link-color wp-elements-d698f65059422b07dac5bcac1c6df82f wp-block-paragraph\"><strong>Pression accrue sur la cha\u00eene d\u2019approvisionnement<\/strong><\/p>\n\n\n\n<p class=\"has-palette-color-4-color has-text-color has-link-color wp-elements-1b994410c74359b6aee869e633de217b wp-block-paragraph\">L\u2019un des effets majeurs de NIS2 est la responsabilisation de toute la cha\u00eene\u202f: une grande entreprise ne peut plus tol\u00e9rer un fournisseur non conforme, sous peine de sanctions et de risques op\u00e9rationnels. Les PME, souvent maillons faibles, doivent donc prouver leur robustesse via audits, tests d\u2019intrusion, et contractualisation des exigences de s\u00e9curit\u00e9.<\/p>\n\n\n\n<p class=\"has-palette-color-4-color has-text-color has-link-color has-medium-font-size wp-elements-8856d6d30ea4bc1cae4c722eb805d06a wp-block-paragraph\"><strong>Cons\u00e9quences pour les PME et partenaires<\/strong><\/p>\n\n\n\n<ul class=\"wp-block-list\">\n<li class=\"has-palette-color-4-color has-text-color has-link-color wp-elements-d51ae156d953fe4e9c8970d251e6469a\">N\u00e9cessit\u00e9 d\u2019investir dans la cybers\u00e9curit\u00e9, m\u00eame sans \u00eatre directement vis\u00e9s par la directive.<br><\/li>\n\n\n\n<li class=\"has-palette-color-4-color has-text-color has-link-color wp-elements-28714c434f5f66e02849e33d16d10804\">Risque d\u2019exclusion des appels d\u2019offres ou de rupture de contrat en cas de non-conformit\u00e9.<br><\/li>\n\n\n\n<li class=\"has-palette-color-4-color has-text-color has-link-color wp-elements-088c35fc46e29c37a39f2662a4e3635b\">Opportunit\u00e9 de se diff\u00e9rencier en affichant une maturit\u00e9 cyber sup\u00e9rieure \u00e0 la concurrence.<br><\/li>\n<\/ul>\n\n\n\n<p class=\"has-palette-color-4-color has-text-color has-link-color wp-elements-2888c76bb60b17c744ad7344642068d0 wp-block-paragraph\"><strong>Sanctions et responsabilit\u00e9 des dirigeants<\/strong><\/p>\n\n\n\n<p class=\"has-palette-color-4-color has-text-color has-link-color wp-elements-fc7947ff7b78648532b80a2afabfb6f5 wp-block-paragraph\">Les sanctions pr\u00e9vues par NIS2 sont dissuasives\u202f: jusqu\u2019\u00e0 10\u202fM\u20ac ou 2\u202f% du chiffre d\u2019affaires mondial pour les entit\u00e9s essentielles, 7\u202fM\u20ac ou 1,4\u202f% pour les entit\u00e9s importantes. Les dirigeants peuvent \u00eatre tenus personnellement responsables et frapp\u00e9s d\u2019interdiction temporaire de gestion en cas de manquement grave.<\/p>\n\n\n\n<p class=\"has-palette-color-4-color has-text-color has-link-color wp-elements-3d1db4d784d1866a2ee7aa5c9c7cd19e wp-block-paragraph\"><strong>Pilotage continu et am\u00e9lioration<\/strong><\/p>\n\n\n\n<p class=\"has-palette-color-4-color has-text-color has-link-color wp-elements-76d16441386261a1fb4b415cc63088de wp-block-paragraph\">La conformit\u00e9 NIS2 n\u2019est pas un \u00e9tat ponctuel mais un processus continu\u202f: audits r\u00e9currents, adaptation aux nouvelles menaces, \u00e9volution des proc\u00e9dures internes, gestion proactive de la cha\u00eene d\u2019approvisionnement.<\/p>\n\n\n\n<p class=\"has-palette-color-4-color has-text-color has-link-color wp-elements-f94044c16760786bc6d4b17edd4700e0 wp-block-paragraph\"><strong>Collaboration et partage d\u2019information<\/strong><\/p>\n\n\n\n<p class=\"has-palette-color-4-color has-text-color has-link-color wp-elements-3ef5d379d77793e0a052aee2c9c8b4b7 wp-block-paragraph\">NIS2 renforce la coop\u00e9ration entre \u00c9tats membres via la cr\u00e9ation de r\u00e9seaux europ\u00e9ens de r\u00e9ponse \u00e0 crise (EU-CyCLONe), l\u2019harmonisation des pratiques et le partage d\u2019information sur les menaces \u00e9mergentes.<\/p>\n\n\n\n<h2 class=\"wp-block-heading\" id=\"recommandations-cles-pour-reussir-votre-conformite-nis2\"><strong>Recommandations cl\u00e9s pour r\u00e9ussir votre conformit\u00e9 NIS2<\/strong><\/h2>\n\n\n\n<p class=\"has-palette-color-4-color has-text-color has-link-color wp-elements-2bd24bddf5416431ebaa446b748627fe wp-block-paragraph\">Pour r\u00e9pondre efficacement aux exigences de la directive NIS2, il est essentiel d\u2019adopter une d\u00e9marche globale et structur\u00e9e, quel que soit votre profil (entit\u00e9 essentielle ou importante, PME, sous-traitant, direction business). Voici les actions prioritaires \u00e0 mettre en \u0153uvre\u202f:<\/p>\n\n\n\n<ul class=\"wp-block-list\">\n<li class=\"has-palette-color-4-color has-text-color has-link-color wp-elements-9b3d8b8f3bc457babb14d324fe502d3d\">Cartographier les actifs critiques et les d\u00e9pendances fournisseurs afin d\u2019identifier les points sensibles et les interconnexions qui pourraient devenir des vecteurs de risque.<\/li>\n\n\n\n<li class=\"has-palette-color-4-color has-text-color has-link-color wp-elements-224c7bdc420aa137e6c39022bec867ba\">Mettre \u00e0 jour les politiques de cybers\u00e9curit\u00e9 et de gestion des incidents pour garantir leur alignement avec les exigences NIS2 et les menaces actuelles.<\/li>\n\n\n\n<li class=\"has-palette-color-4-color has-text-color has-link-color wp-elements-f92f9f5066d38356be81afd63e755d2c\">Contractualiser les exigences de cybers\u00e9curit\u00e9 avec tous les partenaires et sous-traitants, en int\u00e9grant des clauses pr\u00e9cises sur la s\u00e9curit\u00e9, la gestion des incidents et la sauvegarde des donn\u00e9es.<\/li>\n\n\n\n<li class=\"has-palette-color-4-color has-text-color has-link-color wp-elements-94f378de629a5c1c8202dac9294e4274\">Former et sensibiliser l\u2019ensemble des collaborateurs, du COMEX \u00e0 l\u2019op\u00e9rationnel, pour instaurer une culture de la cybers\u00e9curit\u00e9 \u00e0 tous les niveaux de l\u2019organisation.<\/li>\n\n\n\n<li class=\"has-palette-color-4-color has-text-color has-link-color wp-elements-5670f0a5c1bb56d63fd9d0bb61baeb15\">D\u00e9ployer des outils de surveillance et d\u2019audit automatis\u00e9s pour d\u00e9tecter rapidement toute anomalie, vuln\u00e9rabilit\u00e9 ou tentative d\u2019intrusion.<\/li>\n\n\n\n<li class=\"has-palette-color-4-color has-text-color has-link-color wp-elements-55fe45f8d97930bbe971c617b5c6747b\">R\u00e9aliser r\u00e9guli\u00e8rement des audits techniques (tests d\u2019intrusion, scans de vuln\u00e9rabilit\u00e9s) et des \u00e9valuations de maturit\u00e9 cyber pour mesurer l\u2019efficacit\u00e9 des dispositifs en place.<\/li>\n\n\n\n<li class=\"has-palette-color-4-color has-text-color has-link-color wp-elements-dc76ee97d6fc92d312ab71afd1d31817\">\u00c9laborer et maintenir un plan de gestion des risques adapt\u00e9 \u00e0 la taille, au secteur et \u00e0 la criticit\u00e9 de l\u2019organisation.<\/li>\n\n\n\n<li class=\"has-palette-color-4-color has-text-color has-link-color wp-elements-1e33e62536cc432785a83c052d2ebf5a\">Anticiper les exigences des donneurs d\u2019ordre pour rester comp\u00e9titif et \u00e9viter l\u2019exclusion des march\u00e9s strat\u00e9giques.<\/li>\n\n\n\n<li class=\"has-palette-color-4-color has-text-color has-link-color wp-elements-0ad2c449d77b0dd382cd8325bff083d6\">Int\u00e9grer la conformit\u00e9 NIS2 dans la strat\u00e9gie commerciale\u202f: la cybers\u00e9curit\u00e9 devient un atout diff\u00e9renciant et un crit\u00e8re de s\u00e9lection cl\u00e9 pour les clients et partenaires.<\/li>\n\n\n\n<li class=\"has-palette-color-4-color has-text-color has-link-color wp-elements-3a3e81d481c74c7cbad9701d7cea8f07\">Pr\u00e9voir un budget d\u00e9di\u00e9 \u00e0 la mise en conformit\u00e9 et \u00e0 la mont\u00e9e en maturit\u00e9 cyber, incluant les investissements dans les solutions techniques et la formation.<\/li>\n\n\n\n<li class=\"has-palette-color-4-color has-text-color has-link-color wp-elements-73c1f079a54c1a58453f606b577d73f8\">\u00c9valuer r\u00e9guli\u00e8rement l\u2019exposition aux risques li\u00e9s \u00e0 la cha\u00eene d\u2019approvisionnement et mettre en place des mesures de mitigation adapt\u00e9es.<\/li>\n\n\n\n<li class=\"has-palette-color-4-color has-text-color has-link-color wp-elements-dd38fcce0ffa068ed9f9b750feba9881\">D\u00e9ployer une strat\u00e9gie de sauvegarde robuste\u202f: backups r\u00e9guliers, externalis\u00e9s, chiffr\u00e9s et test\u00e9s, en veillant \u00e0 la redondance g\u00e9ographique et \u00e0 la rapidit\u00e9 de restauration.<\/li>\n\n\n\n<li class=\"has-palette-color-4-color has-text-color has-link-color wp-elements-45400d9e2e9977beaea9ea8e45433747\">Organiser et r\u00e9p\u00e9ter des exercices de gestion de crise pour tester la r\u00e9activit\u00e9 des \u00e9quipes, valider les proc\u00e9dures de r\u00e9ponse aux incidents et s\u2019assurer de la capacit\u00e9 r\u00e9elle \u00e0 restaurer les donn\u00e9es et \u00e0 reprendre l\u2019activit\u00e9 dans les d\u00e9lais impos\u00e9s par NIS2.<\/li>\n<\/ul>\n\n\n\n<p class=\"has-palette-color-4-color has-text-color has-link-color wp-elements-227574114728716d38a1bee1fb9c1fb7 wp-block-paragraph\"><a href=\"https:\/\/www.dataperspective.fr\/index.php\/service\/\">Data Perspective,<\/a> expert reconnu de la sauvegarde et de la protection des donn\u00e9es, accompagne les organisations pour leur conformit\u00e9 NIS2\u202f: audit de l\u2019existant, d\u00e9finition de strat\u00e9gies de backup adapt\u00e9es (on-premise, cloud, hybride), mise en \u0153uvre de solutions automatis\u00e9es, chiffr\u00e9es et externalis\u00e9es, tests r\u00e9guliers de restauration et accompagnement dans la documentation et la formation des \u00e9quipes.\u00a0<\/p>\n\n\n\n<p class=\"has-palette-color-4-color has-text-color has-link-color wp-elements-2f94db0ddced61c5fcaacce7cb12282e wp-block-paragraph\"><strong>En faisant de la sauvegarde un pilier de votre d\u00e9marche NIS2, vous s\u00e9curisez durablement votre activit\u00e9 et gagnez la confiance de vos partenaires.<\/strong><\/p>\n\n\n\n<hr class=\"wp-block-separator has-alpha-channel-opacity\"\/>\n\n\n\n<p class=\"has-palette-color-4-color has-text-color has-link-color wp-elements-94dc3a7355ffb4cdffa867495f90f511 wp-block-paragraph\">Texte b<em>as\u00e9 sur les ressources officielles de l\u2019ANSSI et l\u2019analyse des impacts techniques et business de la directive NIS2: <\/em><a href=\"https:\/\/monespacenis2.cyber.gouv.fr\/directive\/\"><em>https:\/\/monespacenis2.cyber.gouv.fr\/directive\/<\/em><\/a><\/p>\n\n\n\n<p class=\"wp-block-paragraph\"><\/p>\n","protected":false},"excerpt":{"rendered":"<p>La directive NIS2 marque une rupture dans la gestion de la cybers\u00e9curit\u00e9 en Europe. Elle impose une \u00e9l\u00e9vation du niveau d\u2019exigence technique, mais surtout une int\u00e9gration de la cyber-r\u00e9silience dans la strat\u00e9gie business et la gouvernance des organisations. Les responsables doivent voir cette contrainte r\u00e9glementaire comme une opportunit\u00e9\u202f: celle de renforcer la confiance des clients, [&hellip;]<\/p>\n","protected":false},"author":1,"featured_media":0,"comment_status":"open","ping_status":"open","sticky":false,"template":"","format":"standard","meta":{"_gspb_post_css":"","footnotes":""},"categories":[26,21],"tags":[19,29,18],"class_list":["post-1450","post","type-post","status-publish","format-standard","hentry","category-legislation","category-security","tag-donees","tag-nis2","tag-security"],"blocksy_meta":[],"yoast_head":"<!-- This site is optimized with the Yoast SEO plugin v28.1 - https:\/\/yoast.com\/product\/yoast-seo-wordpress\/ -->\n<title>La directive NIS2 : enjeux techniques et business pour les organisations responsables - Data Perspective<\/title>\n<meta name=\"robots\" content=\"index, follow, max-snippet:-1, max-image-preview:large, max-video-preview:-1\" \/>\n<link rel=\"canonical\" href=\"https:\/\/www.dataperspective.fr\/index.php\/2025\/06\/09\/la-directive-nis2-enjeux-techniques-et-business\/\" \/>\n<meta property=\"og:locale\" content=\"fr_FR\" \/>\n<meta property=\"og:type\" content=\"article\" \/>\n<meta property=\"og:title\" content=\"La directive NIS2 : enjeux techniques et business pour les organisations responsables - Data Perspective\" \/>\n<meta property=\"og:description\" content=\"La directive NIS2 marque une rupture dans la gestion de la cybers\u00e9curit\u00e9 en Europe. Elle impose une \u00e9l\u00e9vation du niveau d\u2019exigence technique, mais surtout une int\u00e9gration de la cyber-r\u00e9silience dans la strat\u00e9gie business et la gouvernance des organisations. Les responsables doivent voir cette contrainte r\u00e9glementaire comme une opportunit\u00e9\u202f: celle de renforcer la confiance des clients, [&hellip;]\" \/>\n<meta property=\"og:url\" content=\"https:\/\/www.dataperspective.fr\/index.php\/2025\/06\/09\/la-directive-nis2-enjeux-techniques-et-business\/\" \/>\n<meta property=\"og:site_name\" content=\"Data Perspective\" \/>\n<meta property=\"article:published_time\" content=\"2025-06-09T07:59:21+00:00\" \/>\n<meta property=\"article:modified_time\" content=\"2025-06-09T08:00:20+00:00\" \/>\n<meta name=\"author\" content=\"pakal98\" \/>\n<meta name=\"twitter:card\" content=\"summary_large_image\" \/>\n<meta name=\"twitter:label1\" content=\"\u00c9crit par\" \/>\n\t<meta name=\"twitter:data1\" content=\"pakal98\" \/>\n\t<meta name=\"twitter:label2\" content=\"Dur\u00e9e de lecture estim\u00e9e\" \/>\n\t<meta name=\"twitter:data2\" content=\"6 minutes\" \/>\n<script type=\"application\/ld+json\" class=\"yoast-schema-graph\">{\"@context\":\"https:\\\/\\\/schema.org\",\"@graph\":[{\"@type\":\"Article\",\"@id\":\"https:\\\/\\\/www.dataperspective.fr\\\/index.php\\\/2025\\\/06\\\/09\\\/la-directive-nis2-enjeux-techniques-et-business\\\/#article\",\"isPartOf\":{\"@id\":\"https:\\\/\\\/www.dataperspective.fr\\\/index.php\\\/2025\\\/06\\\/09\\\/la-directive-nis2-enjeux-techniques-et-business\\\/\"},\"author\":{\"name\":\"pakal98\",\"@id\":\"https:\\\/\\\/www.dataperspective.fr\\\/#\\\/schema\\\/person\\\/bf16fe427c6dd537b0592fb83e0709b3\"},\"headline\":\"La directive NIS2 : enjeux techniques et business pour les organisations responsables\",\"datePublished\":\"2025-06-09T07:59:21+00:00\",\"dateModified\":\"2025-06-09T08:00:20+00:00\",\"mainEntityOfPage\":{\"@id\":\"https:\\\/\\\/www.dataperspective.fr\\\/index.php\\\/2025\\\/06\\\/09\\\/la-directive-nis2-enjeux-techniques-et-business\\\/\"},\"wordCount\":1576,\"commentCount\":0,\"publisher\":{\"@id\":\"https:\\\/\\\/www.dataperspective.fr\\\/#organization\"},\"keywords\":[\"don\u00e9es\",\"NIS2\",\"security\"],\"articleSection\":[\"L\u00e9gislation\",\"Security\"],\"inLanguage\":\"fr-FR\",\"potentialAction\":[{\"@type\":\"CommentAction\",\"name\":\"Comment\",\"target\":[\"https:\\\/\\\/www.dataperspective.fr\\\/index.php\\\/2025\\\/06\\\/09\\\/la-directive-nis2-enjeux-techniques-et-business\\\/#respond\"]}]},{\"@type\":\"WebPage\",\"@id\":\"https:\\\/\\\/www.dataperspective.fr\\\/index.php\\\/2025\\\/06\\\/09\\\/la-directive-nis2-enjeux-techniques-et-business\\\/\",\"url\":\"https:\\\/\\\/www.dataperspective.fr\\\/index.php\\\/2025\\\/06\\\/09\\\/la-directive-nis2-enjeux-techniques-et-business\\\/\",\"name\":\"La directive NIS2 : enjeux techniques et business pour les organisations responsables - Data Perspective\",\"isPartOf\":{\"@id\":\"https:\\\/\\\/www.dataperspective.fr\\\/#website\"},\"datePublished\":\"2025-06-09T07:59:21+00:00\",\"dateModified\":\"2025-06-09T08:00:20+00:00\",\"breadcrumb\":{\"@id\":\"https:\\\/\\\/www.dataperspective.fr\\\/index.php\\\/2025\\\/06\\\/09\\\/la-directive-nis2-enjeux-techniques-et-business\\\/#breadcrumb\"},\"inLanguage\":\"fr-FR\",\"potentialAction\":[{\"@type\":\"ReadAction\",\"target\":[\"https:\\\/\\\/www.dataperspective.fr\\\/index.php\\\/2025\\\/06\\\/09\\\/la-directive-nis2-enjeux-techniques-et-business\\\/\"]}]},{\"@type\":\"BreadcrumbList\",\"@id\":\"https:\\\/\\\/www.dataperspective.fr\\\/index.php\\\/2025\\\/06\\\/09\\\/la-directive-nis2-enjeux-techniques-et-business\\\/#breadcrumb\",\"itemListElement\":[{\"@type\":\"ListItem\",\"position\":1,\"name\":\"Home\",\"item\":\"https:\\\/\\\/www.dataperspective.fr\\\/\"},{\"@type\":\"ListItem\",\"position\":2,\"name\":\"La directive NIS2 : enjeux techniques et business pour les organisations responsables\"}]},{\"@type\":\"WebSite\",\"@id\":\"https:\\\/\\\/www.dataperspective.fr\\\/#website\",\"url\":\"https:\\\/\\\/www.dataperspective.fr\\\/\",\"name\":\"Data Perspective\",\"description\":\"\",\"publisher\":{\"@id\":\"https:\\\/\\\/www.dataperspective.fr\\\/#organization\"},\"potentialAction\":[{\"@type\":\"SearchAction\",\"target\":{\"@type\":\"EntryPoint\",\"urlTemplate\":\"https:\\\/\\\/www.dataperspective.fr\\\/?s={search_term_string}\"},\"query-input\":{\"@type\":\"PropertyValueSpecification\",\"valueRequired\":true,\"valueName\":\"search_term_string\"}}],\"inLanguage\":\"fr-FR\"},{\"@type\":\"Organization\",\"@id\":\"https:\\\/\\\/www.dataperspective.fr\\\/#organization\",\"name\":\"Data Perspective\",\"url\":\"https:\\\/\\\/www.dataperspective.fr\\\/\",\"logo\":{\"@type\":\"ImageObject\",\"inLanguage\":\"fr-FR\",\"@id\":\"https:\\\/\\\/www.dataperspective.fr\\\/#\\\/schema\\\/logo\\\/image\\\/\",\"url\":\"https:\\\/\\\/www.dataperspective.fr\\\/wp-content\\\/uploads\\\/2025\\\/01\\\/dp-logo-path-01-1.png\",\"contentUrl\":\"https:\\\/\\\/www.dataperspective.fr\\\/wp-content\\\/uploads\\\/2025\\\/01\\\/dp-logo-path-01-1.png\",\"width\":2289,\"height\":709,\"caption\":\"Data Perspective\"},\"image\":{\"@id\":\"https:\\\/\\\/www.dataperspective.fr\\\/#\\\/schema\\\/logo\\\/image\\\/\"},\"sameAs\":[\"https:\\\/\\\/www.linkedin.com\\\/in\\\/charles-levy-dataperspective\\\/\"]},{\"@type\":\"Person\",\"@id\":\"https:\\\/\\\/www.dataperspective.fr\\\/#\\\/schema\\\/person\\\/bf16fe427c6dd537b0592fb83e0709b3\",\"name\":\"pakal98\",\"image\":{\"@type\":\"ImageObject\",\"inLanguage\":\"fr-FR\",\"@id\":\"https:\\\/\\\/secure.gravatar.com\\\/avatar\\\/8415a885a8414c1e779e92378f0f753c0726a0dcf00aea66de57433f4a1e3c53?s=96&d=mm&r=g\",\"url\":\"https:\\\/\\\/secure.gravatar.com\\\/avatar\\\/8415a885a8414c1e779e92378f0f753c0726a0dcf00aea66de57433f4a1e3c53?s=96&d=mm&r=g\",\"contentUrl\":\"https:\\\/\\\/secure.gravatar.com\\\/avatar\\\/8415a885a8414c1e779e92378f0f753c0726a0dcf00aea66de57433f4a1e3c53?s=96&d=mm&r=g\",\"caption\":\"pakal98\"},\"sameAs\":[\"http:\\\/\\\/www.dataperspective.fr\"],\"url\":\"https:\\\/\\\/www.dataperspective.fr\\\/index.php\\\/author\\\/pakal98\\\/\"}]}<\/script>\n<!-- \/ Yoast SEO plugin. -->","yoast_head_json":{"title":"La directive NIS2 : enjeux techniques et business pour les organisations responsables - Data Perspective","robots":{"index":"index","follow":"follow","max-snippet":"max-snippet:-1","max-image-preview":"max-image-preview:large","max-video-preview":"max-video-preview:-1"},"canonical":"https:\/\/www.dataperspective.fr\/index.php\/2025\/06\/09\/la-directive-nis2-enjeux-techniques-et-business\/","og_locale":"fr_FR","og_type":"article","og_title":"La directive NIS2 : enjeux techniques et business pour les organisations responsables - Data Perspective","og_description":"La directive NIS2 marque une rupture dans la gestion de la cybers\u00e9curit\u00e9 en Europe. Elle impose une \u00e9l\u00e9vation du niveau d\u2019exigence technique, mais surtout une int\u00e9gration de la cyber-r\u00e9silience dans la strat\u00e9gie business et la gouvernance des organisations. Les responsables doivent voir cette contrainte r\u00e9glementaire comme une opportunit\u00e9\u202f: celle de renforcer la confiance des clients, [&hellip;]","og_url":"https:\/\/www.dataperspective.fr\/index.php\/2025\/06\/09\/la-directive-nis2-enjeux-techniques-et-business\/","og_site_name":"Data Perspective","article_published_time":"2025-06-09T07:59:21+00:00","article_modified_time":"2025-06-09T08:00:20+00:00","author":"pakal98","twitter_card":"summary_large_image","twitter_misc":{"\u00c9crit par":"pakal98","Dur\u00e9e de lecture estim\u00e9e":"6 minutes"},"schema":{"@context":"https:\/\/schema.org","@graph":[{"@type":"Article","@id":"https:\/\/www.dataperspective.fr\/index.php\/2025\/06\/09\/la-directive-nis2-enjeux-techniques-et-business\/#article","isPartOf":{"@id":"https:\/\/www.dataperspective.fr\/index.php\/2025\/06\/09\/la-directive-nis2-enjeux-techniques-et-business\/"},"author":{"name":"pakal98","@id":"https:\/\/www.dataperspective.fr\/#\/schema\/person\/bf16fe427c6dd537b0592fb83e0709b3"},"headline":"La directive NIS2 : enjeux techniques et business pour les organisations responsables","datePublished":"2025-06-09T07:59:21+00:00","dateModified":"2025-06-09T08:00:20+00:00","mainEntityOfPage":{"@id":"https:\/\/www.dataperspective.fr\/index.php\/2025\/06\/09\/la-directive-nis2-enjeux-techniques-et-business\/"},"wordCount":1576,"commentCount":0,"publisher":{"@id":"https:\/\/www.dataperspective.fr\/#organization"},"keywords":["don\u00e9es","NIS2","security"],"articleSection":["L\u00e9gislation","Security"],"inLanguage":"fr-FR","potentialAction":[{"@type":"CommentAction","name":"Comment","target":["https:\/\/www.dataperspective.fr\/index.php\/2025\/06\/09\/la-directive-nis2-enjeux-techniques-et-business\/#respond"]}]},{"@type":"WebPage","@id":"https:\/\/www.dataperspective.fr\/index.php\/2025\/06\/09\/la-directive-nis2-enjeux-techniques-et-business\/","url":"https:\/\/www.dataperspective.fr\/index.php\/2025\/06\/09\/la-directive-nis2-enjeux-techniques-et-business\/","name":"La directive NIS2 : enjeux techniques et business pour les organisations responsables - Data Perspective","isPartOf":{"@id":"https:\/\/www.dataperspective.fr\/#website"},"datePublished":"2025-06-09T07:59:21+00:00","dateModified":"2025-06-09T08:00:20+00:00","breadcrumb":{"@id":"https:\/\/www.dataperspective.fr\/index.php\/2025\/06\/09\/la-directive-nis2-enjeux-techniques-et-business\/#breadcrumb"},"inLanguage":"fr-FR","potentialAction":[{"@type":"ReadAction","target":["https:\/\/www.dataperspective.fr\/index.php\/2025\/06\/09\/la-directive-nis2-enjeux-techniques-et-business\/"]}]},{"@type":"BreadcrumbList","@id":"https:\/\/www.dataperspective.fr\/index.php\/2025\/06\/09\/la-directive-nis2-enjeux-techniques-et-business\/#breadcrumb","itemListElement":[{"@type":"ListItem","position":1,"name":"Home","item":"https:\/\/www.dataperspective.fr\/"},{"@type":"ListItem","position":2,"name":"La directive NIS2 : enjeux techniques et business pour les organisations responsables"}]},{"@type":"WebSite","@id":"https:\/\/www.dataperspective.fr\/#website","url":"https:\/\/www.dataperspective.fr\/","name":"Data Perspective","description":"","publisher":{"@id":"https:\/\/www.dataperspective.fr\/#organization"},"potentialAction":[{"@type":"SearchAction","target":{"@type":"EntryPoint","urlTemplate":"https:\/\/www.dataperspective.fr\/?s={search_term_string}"},"query-input":{"@type":"PropertyValueSpecification","valueRequired":true,"valueName":"search_term_string"}}],"inLanguage":"fr-FR"},{"@type":"Organization","@id":"https:\/\/www.dataperspective.fr\/#organization","name":"Data Perspective","url":"https:\/\/www.dataperspective.fr\/","logo":{"@type":"ImageObject","inLanguage":"fr-FR","@id":"https:\/\/www.dataperspective.fr\/#\/schema\/logo\/image\/","url":"https:\/\/www.dataperspective.fr\/wp-content\/uploads\/2025\/01\/dp-logo-path-01-1.png","contentUrl":"https:\/\/www.dataperspective.fr\/wp-content\/uploads\/2025\/01\/dp-logo-path-01-1.png","width":2289,"height":709,"caption":"Data Perspective"},"image":{"@id":"https:\/\/www.dataperspective.fr\/#\/schema\/logo\/image\/"},"sameAs":["https:\/\/www.linkedin.com\/in\/charles-levy-dataperspective\/"]},{"@type":"Person","@id":"https:\/\/www.dataperspective.fr\/#\/schema\/person\/bf16fe427c6dd537b0592fb83e0709b3","name":"pakal98","image":{"@type":"ImageObject","inLanguage":"fr-FR","@id":"https:\/\/secure.gravatar.com\/avatar\/8415a885a8414c1e779e92378f0f753c0726a0dcf00aea66de57433f4a1e3c53?s=96&d=mm&r=g","url":"https:\/\/secure.gravatar.com\/avatar\/8415a885a8414c1e779e92378f0f753c0726a0dcf00aea66de57433f4a1e3c53?s=96&d=mm&r=g","contentUrl":"https:\/\/secure.gravatar.com\/avatar\/8415a885a8414c1e779e92378f0f753c0726a0dcf00aea66de57433f4a1e3c53?s=96&d=mm&r=g","caption":"pakal98"},"sameAs":["http:\/\/www.dataperspective.fr"],"url":"https:\/\/www.dataperspective.fr\/index.php\/author\/pakal98\/"}]}},"_links":{"self":[{"href":"https:\/\/www.dataperspective.fr\/index.php\/wp-json\/wp\/v2\/posts\/1450","targetHints":{"allow":["GET"]}}],"collection":[{"href":"https:\/\/www.dataperspective.fr\/index.php\/wp-json\/wp\/v2\/posts"}],"about":[{"href":"https:\/\/www.dataperspective.fr\/index.php\/wp-json\/wp\/v2\/types\/post"}],"author":[{"embeddable":true,"href":"https:\/\/www.dataperspective.fr\/index.php\/wp-json\/wp\/v2\/users\/1"}],"replies":[{"embeddable":true,"href":"https:\/\/www.dataperspective.fr\/index.php\/wp-json\/wp\/v2\/comments?post=1450"}],"version-history":[{"count":1,"href":"https:\/\/www.dataperspective.fr\/index.php\/wp-json\/wp\/v2\/posts\/1450\/revisions"}],"predecessor-version":[{"id":1452,"href":"https:\/\/www.dataperspective.fr\/index.php\/wp-json\/wp\/v2\/posts\/1450\/revisions\/1452"}],"wp:attachment":[{"href":"https:\/\/www.dataperspective.fr\/index.php\/wp-json\/wp\/v2\/media?parent=1450"}],"wp:term":[{"taxonomy":"category","embeddable":true,"href":"https:\/\/www.dataperspective.fr\/index.php\/wp-json\/wp\/v2\/categories?post=1450"},{"taxonomy":"post_tag","embeddable":true,"href":"https:\/\/www.dataperspective.fr\/index.php\/wp-json\/wp\/v2\/tags?post=1450"}],"curies":[{"name":"wp","href":"https:\/\/api.w.org\/{rel}","templated":true}]}}